{"id":6030,"date":"2021-04-28T00:40:40","date_gmt":"2021-04-27T22:40:40","guid":{"rendered":"https:\/\/beit-emoenah.nl\/26\/?p=6030"},"modified":"2021-04-29T10:03:24","modified_gmt":"2021-04-29T08:03:24","slug":"jerusalem-israel-ring-olijfbomen-planten-in-adora-op-13-mei-2021","status":"publish","type":"post","link":"https:\/\/beit-emoenah.nl\/26\/jerusalem-israel-ring-olijfbomen-planten-in-adora-op-13-mei-2021\/","title":{"rendered":"Jerusalem Israel Ring Olijfbomen planten in Adora op 13 mei 2021"},"content":{"rendered":"<p>\u201cAm Isra\u00ebl Chai International\u201d gaat weer verder met de actie <strong><em>\u201cJerusalem Isra\u00ebl Ring\u201d<\/em><\/strong> rondom Jerusalem en dus in Judea en Samaria als symbool voor heel Erets Isra\u00ebl.<br \/>\nHet staat zo mooi verwoord in het Achttiengebed:<\/p>\n<p style=\"text-align: center;\"><span style=\"color: #0000ff;\"><em>Blaas de grote bazuin voor onze vrijheid en steek op het teken voor de inzameling van onze ballingen, en zamel ons tezamen in, uit de vier hoeken der aarde. Gezegend Gij, Heere, Die inzamelt de verstrooiden van Zijn volk Isra\u00ebl.<\/em><\/span><\/p>\n<p style=\"text-align: center;\"><span style=\"color: #0000ff;\"><i>En keer in erbarmen terug naar Jeruzalem, Uw stad, en woon in haar, zoals Gij gesproken hebt; bouw haar, binnenkort in onze dagen, tot een bouwwerk voor altijd, en bereid in haar spoedig de zetel van David.<\/i><\/span><\/p>\n<h2 style=\"text-align: center;\"><span style=\"color: #ff00ff;\"><img fetchpriority=\"high\" decoding=\"async\" class=\"rg_i Q4LuWd aligncenter\" src=\"https:\/\/encrypted-tbn0.gstatic.com\/images?q=tbn:ANd9GcRqFsywXrTic3Cj_i7OEwrlsZ2-o0TEAMtSyA&amp;usqp=CAU\" alt=\"Olijfboom (Olea europaea) | MijnTuin.org\" width=\"328\" height=\"246\" data-src=\"https:\/\/encrypted-tbn0.gstatic.com\/images?q=tbn:ANd9GcRqFsywXrTic3Cj_i7OEwrlsZ2-o0TEAMtSyA&amp;usqp=CAU\" data-lt=\"\" data-index=\"106\" \/>13 mei 2021 planten we weer 100 olijfbomen<br \/>\nditmaal in Adora<\/span><\/h2>\n<p style=\"text-align: left;\">Ook deze vervolgactie blijft dus nadrukkelijk\u00a0<strong>aandacht vragen voor de terugkeer van <\/strong>h\u00e9\u00e9l Isra\u00ebl. <a href=\"https:\/\/beit-emoenah.nl\/26\/wp-content\/uploads\/2021\/04\/f587bd37-f21e-465e-ae8b-9be704782563.jpg\"><img decoding=\"async\" class=\"alignright  wp-image-6035\" src=\"https:\/\/beit-emoenah.nl\/26\/wp-content\/uploads\/2021\/04\/f587bd37-f21e-465e-ae8b-9be704782563-212x300.jpg\" alt=\"\" width=\"339\" height=\"480\" srcset=\"https:\/\/beit-emoenah.nl\/26\/wp-content\/uploads\/2021\/04\/f587bd37-f21e-465e-ae8b-9be704782563-212x300.jpg 212w, https:\/\/beit-emoenah.nl\/26\/wp-content\/uploads\/2021\/04\/f587bd37-f21e-465e-ae8b-9be704782563-768x1086.jpg 768w, https:\/\/beit-emoenah.nl\/26\/wp-content\/uploads\/2021\/04\/f587bd37-f21e-465e-ae8b-9be704782563-724x1024.jpg 724w, https:\/\/beit-emoenah.nl\/26\/wp-content\/uploads\/2021\/04\/f587bd37-f21e-465e-ae8b-9be704782563-830x1173.jpg 830w, https:\/\/beit-emoenah.nl\/26\/wp-content\/uploads\/2021\/04\/f587bd37-f21e-465e-ae8b-9be704782563-230x325.jpg 230w, https:\/\/beit-emoenah.nl\/26\/wp-content\/uploads\/2021\/04\/f587bd37-f21e-465e-ae8b-9be704782563-350x495.jpg 350w, https:\/\/beit-emoenah.nl\/26\/wp-content\/uploads\/2021\/04\/f587bd37-f21e-465e-ae8b-9be704782563-480x678.jpg 480w, https:\/\/beit-emoenah.nl\/26\/wp-content\/uploads\/2021\/04\/f587bd37-f21e-465e-ae8b-9be704782563.jpg 1132w\" sizes=\"(max-width: 339px) 100vw, 339px\" \/><\/a><br \/>\n\u201cHeel\u201d Isra\u00ebl betekent voor haShem en ons:<br \/>\nLand, Volk en Jerusalem als EEN!<\/p>\n<p>Adora is een orthodoxe moshav in Judea. Adora betekent zoveel als aanbiddelijke of geliefde. En de moshav is geliefd bij haar inwoners. Maar de druk van de vijandige omgeving is ook hier voelbaar en vandaar dat we Adora willen bemoedigen met de olijfbomen. Er zullen op deze dag 10 bomen geplant worden rond de synagoge van Adora. De overige 90 bomen zullen verdeeld worden onder alle inwoners zodat in elke tuin een symbool van leven zal komen te staan.<\/p>\n<p>Ieder die wil kan hieraan deelnemen, hetzij zelf fysiek\u00a0voor hen die in Isra\u00ebl zijn en naar Adora kunnen komen , of via een Zoom Internet-meeting. De link om hiervoor in te loggen wordt op verzoek, <a href=\"https:\/\/beit-emoenah.nl\/26\/contact-en-bezoek\/\">via deze contactpagina<\/a>, toegestuurd.<\/p>\n<p style=\"text-align: center;\"><strong>Uiteraard is dit weer een stap in een hele reeks aanplantingen in Judea en Samaria rondom Jerusalem.<br \/>\nTer bemoediging van Isra\u00ebl \u00a0en als oproep om Hadar Goldin thuis te brengen gaan we hiermee door.<\/strong><\/p>\n<p style=\"text-align: center;\">Daarom doen we, namens de \u201cAm Isra\u00ebl Chai International Movement\u201d, nog een keer een nieuwe oproep:<br \/>\n<span style=\"color: #ff0000;\"><strong>Steun Isra\u00ebl en de terugkeer van Hadar en laat via je geschenk aan deze actie zien dat heel Isra\u00ebl zal leven!<\/strong><\/span><\/p>\n<p>HaShem zegt: \u201cWie U zegenen zal ik zegenen\u201d;<br \/>\nWij willen U echter oproepen de\u00a0<strong>God van Isra\u00ebl<\/strong>\u00a0<strong>te eren<\/strong>\u00a0door Isra\u00ebl te zegenen door mee te doen.<\/p>\n<p><strong>DE ACTIE EN WAT JE KUNT DOEN:<\/strong><\/p>\n<ul>\n<li>Draag ter ondersteuning \u20ac 26 * (of een veelvoud daarvan voor het aantal bomen dat u wilt planten) over naar rekeningnummer: NL 74 RABO 0115973184 van Beit Emoenah met de melding \u2018Am Isra\u00ebl Chai\u2019 en gebruik het om een \u200b\u200bof meer olijfbomen te planten boom \/ bomen Eretz Israel.<\/li>\n<li>Promoot deze actie op een zo breed mogelijke manier bij familie, vrienden, kennissen en gelovigen in HaShem.<\/li>\n<\/ul>\n<p style=\"text-align: center;\"><strong>Doe mee en laat zien dat we geloven wat HaShem zegt:<\/strong><br \/>\n<strong>\u201cAm Isra\u00ebl Chai\u201d<\/strong><\/p>\n","protected":false},"excerpt":{"rendered":"<p>\u201cAm Isra\u00ebl Chai International\u201d gaat weer verder met de actie \u201cJerusalem Isra\u00ebl Ring\u201d rondom Jerusalem en dus in Judea en Samaria als [&hellip;]<\/p>\n","protected":false},"author":2,"featured_media":0,"comment_status":"closed","ping_status":"closed","sticky":false,"template":"","format":"standard","meta":{"footnotes":""},"categories":[14,13,4,1],"tags":[],"class_list":["post-6030","post","type-post","status-publish","format-standard","hentry","category-algemeen","category-beit-emoenah","category-israel","category-uncategorized"],"yoast_head":"<!-- This site is optimized with the Yoast SEO plugin v27.5 - https:\/\/yoast.com\/product\/yoast-seo-wordpress\/ -->\n<title>Jerusalem Israel Ring Olijfbomen planten in Adora op 13 mei 2021 - Beit Emoenah<\/title>\n<meta name=\"robots\" content=\"index, follow, max-snippet:-1, max-image-preview:large, max-video-preview:-1\" \/>\n<link rel=\"canonical\" href=\"https:\/\/beit-emoenah.nl\/26\/jerusalem-israel-ring-olijfbomen-planten-in-adora-op-13-mei-2021\/\" \/>\n<meta property=\"og:locale\" content=\"nl_NL\" \/>\n<meta property=\"og:type\" content=\"article\" \/>\n<meta property=\"og:title\" content=\"Jerusalem Israel Ring Olijfbomen planten in Adora op 13 mei 2021 - Beit Emoenah\" \/>\n<meta property=\"og:description\" content=\"\u201cAm Isra\u00ebl Chai International\u201d gaat weer verder met de actie \u201cJerusalem Isra\u00ebl Ring\u201d rondom Jerusalem en dus in Judea en Samaria als [&hellip;]\" \/>\n<meta property=\"og:url\" content=\"https:\/\/beit-emoenah.nl\/26\/jerusalem-israel-ring-olijfbomen-planten-in-adora-op-13-mei-2021\/\" \/>\n<meta property=\"og:site_name\" content=\"Beit Emoenah\" \/>\n<meta property=\"article:published_time\" content=\"2021-04-27T22:40:40+00:00\" \/>\n<meta property=\"article:modified_time\" content=\"2021-04-29T08:03:24+00:00\" \/>\n<meta property=\"og:image\" content=\"https:\/\/encrypted-tbn0.gstatic.com\/images?q=tbn:ANd9GcRqFsywXrTic3Cj_i7OEwrlsZ2-o0TEAMtSyA&amp;usqp=CAU\" \/>\n<meta name=\"author\" content=\"redactie\" \/>\n<meta name=\"twitter:card\" content=\"summary_large_image\" \/>\n<meta name=\"twitter:label1\" content=\"Geschreven door\" \/>\n\t<meta name=\"twitter:data1\" content=\"redactie\" \/>\n\t<meta name=\"twitter:label2\" content=\"Geschatte leestijd\" \/>\n\t<meta name=\"twitter:data2\" content=\"2 minuten\" \/>\n<script type=\"application\/ld+json\" class=\"yoast-schema-graph\">{\"@context\":\"https:\\\/\\\/schema.org\",\"@graph\":[{\"@type\":\"Article\",\"@id\":\"https:\\\/\\\/beit-emoenah.nl\\\/26\\\/jerusalem-israel-ring-olijfbomen-planten-in-adora-op-13-mei-2021\\\/#article\",\"isPartOf\":{\"@id\":\"https:\\\/\\\/beit-emoenah.nl\\\/26\\\/jerusalem-israel-ring-olijfbomen-planten-in-adora-op-13-mei-2021\\\/\"},\"author\":{\"name\":\"redactie\",\"@id\":\"https:\\\/\\\/beit-emoenah.nl\\\/26\\\/#\\\/schema\\\/person\\\/7d7c796a9a622a831bbae51411507974\"},\"headline\":\"Jerusalem Israel Ring Olijfbomen planten in Adora op 13 mei 2021\",\"datePublished\":\"2021-04-27T22:40:40+00:00\",\"dateModified\":\"2021-04-29T08:03:24+00:00\",\"mainEntityOfPage\":{\"@id\":\"https:\\\/\\\/beit-emoenah.nl\\\/26\\\/jerusalem-israel-ring-olijfbomen-planten-in-adora-op-13-mei-2021\\\/\"},\"wordCount\":467,\"publisher\":{\"@id\":\"https:\\\/\\\/beit-emoenah.nl\\\/26\\\/#organization\"},\"image\":{\"@id\":\"https:\\\/\\\/beit-emoenah.nl\\\/26\\\/jerusalem-israel-ring-olijfbomen-planten-in-adora-op-13-mei-2021\\\/#primaryimage\"},\"thumbnailUrl\":\"https:\\\/\\\/encrypted-tbn0.gstatic.com\\\/images?q=tbn:ANd9GcRqFsywXrTic3Cj_i7OEwrlsZ2-o0TEAMtSyA&amp;usqp=CAU\",\"articleSection\":[\"Algemeen\",\"Beit Emoenah\",\"Israel\",\"Overigen\"],\"inLanguage\":\"nl-NL\"},{\"@type\":\"WebPage\",\"@id\":\"https:\\\/\\\/beit-emoenah.nl\\\/26\\\/jerusalem-israel-ring-olijfbomen-planten-in-adora-op-13-mei-2021\\\/\",\"url\":\"https:\\\/\\\/beit-emoenah.nl\\\/26\\\/jerusalem-israel-ring-olijfbomen-planten-in-adora-op-13-mei-2021\\\/\",\"name\":\"Jerusalem Israel Ring Olijfbomen planten in Adora op 13 mei 2021 - Beit Emoenah\",\"isPartOf\":{\"@id\":\"https:\\\/\\\/beit-emoenah.nl\\\/26\\\/#website\"},\"primaryImageOfPage\":{\"@id\":\"https:\\\/\\\/beit-emoenah.nl\\\/26\\\/jerusalem-israel-ring-olijfbomen-planten-in-adora-op-13-mei-2021\\\/#primaryimage\"},\"image\":{\"@id\":\"https:\\\/\\\/beit-emoenah.nl\\\/26\\\/jerusalem-israel-ring-olijfbomen-planten-in-adora-op-13-mei-2021\\\/#primaryimage\"},\"thumbnailUrl\":\"https:\\\/\\\/encrypted-tbn0.gstatic.com\\\/images?q=tbn:ANd9GcRqFsywXrTic3Cj_i7OEwrlsZ2-o0TEAMtSyA&amp;usqp=CAU\",\"datePublished\":\"2021-04-27T22:40:40+00:00\",\"dateModified\":\"2021-04-29T08:03:24+00:00\",\"breadcrumb\":{\"@id\":\"https:\\\/\\\/beit-emoenah.nl\\\/26\\\/jerusalem-israel-ring-olijfbomen-planten-in-adora-op-13-mei-2021\\\/#breadcrumb\"},\"inLanguage\":\"nl-NL\",\"potentialAction\":[{\"@type\":\"ReadAction\",\"target\":[\"https:\\\/\\\/beit-emoenah.nl\\\/26\\\/jerusalem-israel-ring-olijfbomen-planten-in-adora-op-13-mei-2021\\\/\"]}]},{\"@type\":\"ImageObject\",\"inLanguage\":\"nl-NL\",\"@id\":\"https:\\\/\\\/beit-emoenah.nl\\\/26\\\/jerusalem-israel-ring-olijfbomen-planten-in-adora-op-13-mei-2021\\\/#primaryimage\",\"url\":\"https:\\\/\\\/encrypted-tbn0.gstatic.com\\\/images?q=tbn:ANd9GcRqFsywXrTic3Cj_i7OEwrlsZ2-o0TEAMtSyA&amp;usqp=CAU\",\"contentUrl\":\"https:\\\/\\\/encrypted-tbn0.gstatic.com\\\/images?q=tbn:ANd9GcRqFsywXrTic3Cj_i7OEwrlsZ2-o0TEAMtSyA&amp;usqp=CAU\"},{\"@type\":\"BreadcrumbList\",\"@id\":\"https:\\\/\\\/beit-emoenah.nl\\\/26\\\/jerusalem-israel-ring-olijfbomen-planten-in-adora-op-13-mei-2021\\\/#breadcrumb\",\"itemListElement\":[{\"@type\":\"ListItem\",\"position\":1,\"name\":\"Home\",\"item\":\"https:\\\/\\\/beit-emoenah.nl\\\/26\\\/\"},{\"@type\":\"ListItem\",\"position\":2,\"name\":\"Jerusalem Israel Ring Olijfbomen planten in Adora op 13 mei 2021\"}]},{\"@type\":\"WebSite\",\"@id\":\"https:\\\/\\\/beit-emoenah.nl\\\/26\\\/#website\",\"url\":\"https:\\\/\\\/beit-emoenah.nl\\\/26\\\/\",\"name\":\"Beit Emoenah\",\"description\":\"Huis van geloof, vertrouwen, kracht en liefde\",\"publisher\":{\"@id\":\"https:\\\/\\\/beit-emoenah.nl\\\/26\\\/#organization\"},\"potentialAction\":[{\"@type\":\"SearchAction\",\"target\":{\"@type\":\"EntryPoint\",\"urlTemplate\":\"https:\\\/\\\/beit-emoenah.nl\\\/26\\\/?s={search_term_string}\"},\"query-input\":{\"@type\":\"PropertyValueSpecification\",\"valueRequired\":true,\"valueName\":\"search_term_string\"}}],\"inLanguage\":\"nl-NL\"},{\"@type\":\"Organization\",\"@id\":\"https:\\\/\\\/beit-emoenah.nl\\\/26\\\/#organization\",\"name\":\"Beit Emoenah\",\"url\":\"https:\\\/\\\/beit-emoenah.nl\\\/26\\\/\",\"logo\":{\"@type\":\"ImageObject\",\"inLanguage\":\"nl-NL\",\"@id\":\"https:\\\/\\\/beit-emoenah.nl\\\/26\\\/#\\\/schema\\\/logo\\\/image\\\/\",\"url\":\"https:\\\/\\\/beit-emoenah.nl\\\/26\\\/wp-content\\\/uploads\\\/2024\\\/07\\\/Logo-beit-emoenah.jpeg\",\"contentUrl\":\"https:\\\/\\\/beit-emoenah.nl\\\/26\\\/wp-content\\\/uploads\\\/2024\\\/07\\\/Logo-beit-emoenah.jpeg\",\"width\":573,\"height\":480,\"caption\":\"Beit Emoenah\"},\"image\":{\"@id\":\"https:\\\/\\\/beit-emoenah.nl\\\/26\\\/#\\\/schema\\\/logo\\\/image\\\/\"}},{\"@type\":\"Person\",\"@id\":\"https:\\\/\\\/beit-emoenah.nl\\\/26\\\/#\\\/schema\\\/person\\\/7d7c796a9a622a831bbae51411507974\",\"name\":\"redactie\",\"image\":{\"@type\":\"ImageObject\",\"inLanguage\":\"nl-NL\",\"@id\":\"https:\\\/\\\/secure.gravatar.com\\\/avatar\\\/f17401142f363e6e21a481b8b67ce7994c92bc910eb0e5216678ef90e36ca346?s=96&d=mm&r=g\",\"url\":\"https:\\\/\\\/secure.gravatar.com\\\/avatar\\\/f17401142f363e6e21a481b8b67ce7994c92bc910eb0e5216678ef90e36ca346?s=96&d=mm&r=g\",\"contentUrl\":\"https:\\\/\\\/secure.gravatar.com\\\/avatar\\\/f17401142f363e6e21a481b8b67ce7994c92bc910eb0e5216678ef90e36ca346?s=96&d=mm&r=g\",\"caption\":\"redactie\"},\"sameAs\":[\"http:\\\/\\\/www.beit-emoenah.nl\"],\"url\":\"https:\\\/\\\/beit-emoenah.nl\\\/26\\\/author\\\/redactie\\\/\"}]}<\/script>\n<!-- \/ Yoast SEO plugin. -->","yoast_head_json":{"title":"Jerusalem Israel Ring Olijfbomen planten in Adora op 13 mei 2021 - Beit Emoenah","robots":{"index":"index","follow":"follow","max-snippet":"max-snippet:-1","max-image-preview":"max-image-preview:large","max-video-preview":"max-video-preview:-1"},"canonical":"https:\/\/beit-emoenah.nl\/26\/jerusalem-israel-ring-olijfbomen-planten-in-adora-op-13-mei-2021\/","og_locale":"nl_NL","og_type":"article","og_title":"Jerusalem Israel Ring Olijfbomen planten in Adora op 13 mei 2021 - Beit Emoenah","og_description":"\u201cAm Isra\u00ebl Chai International\u201d gaat weer verder met de actie \u201cJerusalem Isra\u00ebl Ring\u201d rondom Jerusalem en dus in Judea en Samaria als [&hellip;]","og_url":"https:\/\/beit-emoenah.nl\/26\/jerusalem-israel-ring-olijfbomen-planten-in-adora-op-13-mei-2021\/","og_site_name":"Beit Emoenah","article_published_time":"2021-04-27T22:40:40+00:00","article_modified_time":"2021-04-29T08:03:24+00:00","og_image":[{"url":"https:\/\/encrypted-tbn0.gstatic.com\/images?q=tbn:ANd9GcRqFsywXrTic3Cj_i7OEwrlsZ2-o0TEAMtSyA&amp;usqp=CAU","type":"","width":"","height":""}],"author":"redactie","twitter_card":"summary_large_image","twitter_misc":{"Geschreven door":"redactie","Geschatte leestijd":"2 minuten"},"schema":{"@context":"https:\/\/schema.org","@graph":[{"@type":"Article","@id":"https:\/\/beit-emoenah.nl\/26\/jerusalem-israel-ring-olijfbomen-planten-in-adora-op-13-mei-2021\/#article","isPartOf":{"@id":"https:\/\/beit-emoenah.nl\/26\/jerusalem-israel-ring-olijfbomen-planten-in-adora-op-13-mei-2021\/"},"author":{"name":"redactie","@id":"https:\/\/beit-emoenah.nl\/26\/#\/schema\/person\/7d7c796a9a622a831bbae51411507974"},"headline":"Jerusalem Israel Ring Olijfbomen planten in Adora op 13 mei 2021","datePublished":"2021-04-27T22:40:40+00:00","dateModified":"2021-04-29T08:03:24+00:00","mainEntityOfPage":{"@id":"https:\/\/beit-emoenah.nl\/26\/jerusalem-israel-ring-olijfbomen-planten-in-adora-op-13-mei-2021\/"},"wordCount":467,"publisher":{"@id":"https:\/\/beit-emoenah.nl\/26\/#organization"},"image":{"@id":"https:\/\/beit-emoenah.nl\/26\/jerusalem-israel-ring-olijfbomen-planten-in-adora-op-13-mei-2021\/#primaryimage"},"thumbnailUrl":"https:\/\/encrypted-tbn0.gstatic.com\/images?q=tbn:ANd9GcRqFsywXrTic3Cj_i7OEwrlsZ2-o0TEAMtSyA&amp;usqp=CAU","articleSection":["Algemeen","Beit Emoenah","Israel","Overigen"],"inLanguage":"nl-NL"},{"@type":"WebPage","@id":"https:\/\/beit-emoenah.nl\/26\/jerusalem-israel-ring-olijfbomen-planten-in-adora-op-13-mei-2021\/","url":"https:\/\/beit-emoenah.nl\/26\/jerusalem-israel-ring-olijfbomen-planten-in-adora-op-13-mei-2021\/","name":"Jerusalem Israel Ring Olijfbomen planten in Adora op 13 mei 2021 - Beit Emoenah","isPartOf":{"@id":"https:\/\/beit-emoenah.nl\/26\/#website"},"primaryImageOfPage":{"@id":"https:\/\/beit-emoenah.nl\/26\/jerusalem-israel-ring-olijfbomen-planten-in-adora-op-13-mei-2021\/#primaryimage"},"image":{"@id":"https:\/\/beit-emoenah.nl\/26\/jerusalem-israel-ring-olijfbomen-planten-in-adora-op-13-mei-2021\/#primaryimage"},"thumbnailUrl":"https:\/\/encrypted-tbn0.gstatic.com\/images?q=tbn:ANd9GcRqFsywXrTic3Cj_i7OEwrlsZ2-o0TEAMtSyA&amp;usqp=CAU","datePublished":"2021-04-27T22:40:40+00:00","dateModified":"2021-04-29T08:03:24+00:00","breadcrumb":{"@id":"https:\/\/beit-emoenah.nl\/26\/jerusalem-israel-ring-olijfbomen-planten-in-adora-op-13-mei-2021\/#breadcrumb"},"inLanguage":"nl-NL","potentialAction":[{"@type":"ReadAction","target":["https:\/\/beit-emoenah.nl\/26\/jerusalem-israel-ring-olijfbomen-planten-in-adora-op-13-mei-2021\/"]}]},{"@type":"ImageObject","inLanguage":"nl-NL","@id":"https:\/\/beit-emoenah.nl\/26\/jerusalem-israel-ring-olijfbomen-planten-in-adora-op-13-mei-2021\/#primaryimage","url":"https:\/\/encrypted-tbn0.gstatic.com\/images?q=tbn:ANd9GcRqFsywXrTic3Cj_i7OEwrlsZ2-o0TEAMtSyA&amp;usqp=CAU","contentUrl":"https:\/\/encrypted-tbn0.gstatic.com\/images?q=tbn:ANd9GcRqFsywXrTic3Cj_i7OEwrlsZ2-o0TEAMtSyA&amp;usqp=CAU"},{"@type":"BreadcrumbList","@id":"https:\/\/beit-emoenah.nl\/26\/jerusalem-israel-ring-olijfbomen-planten-in-adora-op-13-mei-2021\/#breadcrumb","itemListElement":[{"@type":"ListItem","position":1,"name":"Home","item":"https:\/\/beit-emoenah.nl\/26\/"},{"@type":"ListItem","position":2,"name":"Jerusalem Israel Ring Olijfbomen planten in Adora op 13 mei 2021"}]},{"@type":"WebSite","@id":"https:\/\/beit-emoenah.nl\/26\/#website","url":"https:\/\/beit-emoenah.nl\/26\/","name":"Beit Emoenah","description":"Huis van geloof, vertrouwen, kracht en liefde","publisher":{"@id":"https:\/\/beit-emoenah.nl\/26\/#organization"},"potentialAction":[{"@type":"SearchAction","target":{"@type":"EntryPoint","urlTemplate":"https:\/\/beit-emoenah.nl\/26\/?s={search_term_string}"},"query-input":{"@type":"PropertyValueSpecification","valueRequired":true,"valueName":"search_term_string"}}],"inLanguage":"nl-NL"},{"@type":"Organization","@id":"https:\/\/beit-emoenah.nl\/26\/#organization","name":"Beit Emoenah","url":"https:\/\/beit-emoenah.nl\/26\/","logo":{"@type":"ImageObject","inLanguage":"nl-NL","@id":"https:\/\/beit-emoenah.nl\/26\/#\/schema\/logo\/image\/","url":"https:\/\/beit-emoenah.nl\/26\/wp-content\/uploads\/2024\/07\/Logo-beit-emoenah.jpeg","contentUrl":"https:\/\/beit-emoenah.nl\/26\/wp-content\/uploads\/2024\/07\/Logo-beit-emoenah.jpeg","width":573,"height":480,"caption":"Beit Emoenah"},"image":{"@id":"https:\/\/beit-emoenah.nl\/26\/#\/schema\/logo\/image\/"}},{"@type":"Person","@id":"https:\/\/beit-emoenah.nl\/26\/#\/schema\/person\/7d7c796a9a622a831bbae51411507974","name":"redactie","image":{"@type":"ImageObject","inLanguage":"nl-NL","@id":"https:\/\/secure.gravatar.com\/avatar\/f17401142f363e6e21a481b8b67ce7994c92bc910eb0e5216678ef90e36ca346?s=96&d=mm&r=g","url":"https:\/\/secure.gravatar.com\/avatar\/f17401142f363e6e21a481b8b67ce7994c92bc910eb0e5216678ef90e36ca346?s=96&d=mm&r=g","contentUrl":"https:\/\/secure.gravatar.com\/avatar\/f17401142f363e6e21a481b8b67ce7994c92bc910eb0e5216678ef90e36ca346?s=96&d=mm&r=g","caption":"redactie"},"sameAs":["http:\/\/www.beit-emoenah.nl"],"url":"https:\/\/beit-emoenah.nl\/26\/author\/redactie\/"}]}},"_links":{"self":[{"href":"https:\/\/beit-emoenah.nl\/26\/wp-json\/wp\/v2\/posts\/6030","targetHints":{"allow":["GET"]}}],"collection":[{"href":"https:\/\/beit-emoenah.nl\/26\/wp-json\/wp\/v2\/posts"}],"about":[{"href":"https:\/\/beit-emoenah.nl\/26\/wp-json\/wp\/v2\/types\/post"}],"author":[{"embeddable":true,"href":"https:\/\/beit-emoenah.nl\/26\/wp-json\/wp\/v2\/users\/2"}],"replies":[{"embeddable":true,"href":"https:\/\/beit-emoenah.nl\/26\/wp-json\/wp\/v2\/comments?post=6030"}],"version-history":[{"count":5,"href":"https:\/\/beit-emoenah.nl\/26\/wp-json\/wp\/v2\/posts\/6030\/revisions"}],"predecessor-version":[{"id":6038,"href":"https:\/\/beit-emoenah.nl\/26\/wp-json\/wp\/v2\/posts\/6030\/revisions\/6038"}],"wp:attachment":[{"href":"https:\/\/beit-emoenah.nl\/26\/wp-json\/wp\/v2\/media?parent=6030"}],"wp:term":[{"taxonomy":"category","embeddable":true,"href":"https:\/\/beit-emoenah.nl\/26\/wp-json\/wp\/v2\/categories?post=6030"},{"taxonomy":"post_tag","embeddable":true,"href":"https:\/\/beit-emoenah.nl\/26\/wp-json\/wp\/v2\/tags?post=6030"}],"curies":[{"name":"wp","href":"https:\/\/api.w.org\/{rel}","templated":true}]}}